{"id":1811,"date":"2025-03-14T14:00:29","date_gmt":"2025-03-14T13:00:29","guid":{"rendered":"https:\/\/www.sjr-magdeburg.de\/?p=1811"},"modified":"2025-03-14T14:00:29","modified_gmt":"2025-03-14T13:00:29","slug":"rueckblick-fruehjahrscafe-stadtjugendring-magdeburg-e-v","status":"publish","type":"post","link":"https:\/\/www.sjr-magdeburg.de\/index.php\/2025\/03\/14\/rueckblick-fruehjahrscafe-stadtjugendring-magdeburg-e-v\/","title":{"rendered":"R\u00fcckblick: Fr\u00fchjahrscaf\u00e9 StadtJugendRing Magdeburg e.V."},"content":{"rendered":"\n<p>Am 12. M\u00e4rz 2025 fand das Fr\u00fchjahrscaf\u00e9 des Stadtjugendrings im Zentrum f\u00fcr soziales Lernen in Magdeburg statt. Fachkr\u00e4fte freier Tr\u00e4ger der Kinder- und Jugendhilfe sowie Vertreter*innen aus Verwaltung und Politik in Magdeburg kamen zusammen, um \u00fcber das Thema <strong>\u201eDas Ende der sozialen Arbeit, wie wir sie kennenlernen durften? \u2013 Welche Prinzipien sind nicht verhandelbar?\u201c<\/strong> ins Gespr\u00e4ch zu kommen. Ein zentrales Thema war der <strong>\u201eMythos Neutralit\u00e4tsgebot\u201c<\/strong>. So besteht zunehmend das Narrativ, dass freie Tr\u00e4ger und deren Mitarbeitende politisch neutral bleiben m\u00fcssen. Dieser Mythos wurde w\u00e4hrend der Veranstaltung klar als unbegr\u00fcndet widerlegt. In der sozialen Arbeit, insbesondere in der Kinder- und Jugendhilfe, k\u00f6nnen Grundwerte wie Chancengerechtigkeit und Partizipation nicht ohne eine klare politische Haltung vertreten werden. Fachkr\u00e4fte und Tr\u00e4ger m\u00fcssen sich f\u00fcr die Rechte von benachteiligten Kindern und Jugendlichen einsetzen (<a href=\"https:\/\/www.dbjr.de\/artikel\/handreichung-zum-mythos-neutralitaetsgebot-veroeffentlicht\">mehr Infos gibt es hier<\/a>).<\/p>\n\n\n\n<figure class=\"wp-block-image size-large\"><img fetchpriority=\"high\" decoding=\"async\" width=\"1024\" height=\"820\" src=\"https:\/\/www.sjr-magdeburg.de\/wp-content\/uploads\/2025\/03\/WhatsApp-Bild-2025-03-14-um-13.41.35_ab38b709-1-1024x820.jpg\" alt=\"\" class=\"wp-image-1813\" srcset=\"https:\/\/www.sjr-magdeburg.de\/wp-content\/uploads\/2025\/03\/WhatsApp-Bild-2025-03-14-um-13.41.35_ab38b709-1-1024x820.jpg 1024w, https:\/\/www.sjr-magdeburg.de\/wp-content\/uploads\/2025\/03\/WhatsApp-Bild-2025-03-14-um-13.41.35_ab38b709-1-300x240.jpg 300w, https:\/\/www.sjr-magdeburg.de\/wp-content\/uploads\/2025\/03\/WhatsApp-Bild-2025-03-14-um-13.41.35_ab38b709-1-768x615.jpg 768w, https:\/\/www.sjr-magdeburg.de\/wp-content\/uploads\/2025\/03\/WhatsApp-Bild-2025-03-14-um-13.41.35_ab38b709-1-1536x1230.jpg 1536w, https:\/\/www.sjr-magdeburg.de\/wp-content\/uploads\/2025\/03\/WhatsApp-Bild-2025-03-14-um-13.41.35_ab38b709-1-2048x1640.jpg 2048w, https:\/\/www.sjr-magdeburg.de\/wp-content\/uploads\/2025\/03\/WhatsApp-Bild-2025-03-14-um-13.41.35_ab38b709-1-375x300.jpg 375w\" sizes=\"(max-width: 1024px) 100vw, 1024px\" \/><\/figure>\n\n\n\n<p>Neben dem Impulsvortrag gab es auch einen intensiven Austausch \u00fcber weitere <strong>Herausforderungen, Chancen und Aufgaben der sozialen Arbeit<\/strong> in der heutigen Zeit. Der Fachkr\u00e4ftemangel, finanzielle K\u00fcrzungen und politische sowie gesellschaftliche Ver\u00e4nderungen wurden hierbei besonders oft besprochen. Die Veranstaltung bot somit nicht nur Raum f\u00fcr eine tiefgehende Reflexion \u00fcber die Prinzipien der sozialen Arbeit, sondern auch f\u00fcr einen wertvollen Austausch \u00fcber die praktischen und politischen Herausforderungen, die Fachkr\u00e4fte und Tr\u00e4ger t\u00e4glich und in Zukunft bew\u00e4ltigen m\u00fcssen.<\/p>\n\n\n\n<figure class=\"wp-block-gallery has-nested-images columns-default is-cropped wp-block-gallery-1 is-layout-flex wp-block-gallery-is-layout-flex\">\n<figure class=\"wp-block-image size-large\"><img decoding=\"async\" width=\"1024\" height=\"768\" data-id=\"1815\" src=\"https:\/\/www.sjr-magdeburg.de\/wp-content\/uploads\/2025\/03\/WhatsApp-Bild-2025-03-14-um-13.41.35_4d448281-1024x768.jpg\" alt=\"\" class=\"wp-image-1815\" srcset=\"https:\/\/www.sjr-magdeburg.de\/wp-content\/uploads\/2025\/03\/WhatsApp-Bild-2025-03-14-um-13.41.35_4d448281-1024x768.jpg 1024w, https:\/\/www.sjr-magdeburg.de\/wp-content\/uploads\/2025\/03\/WhatsApp-Bild-2025-03-14-um-13.41.35_4d448281-300x225.jpg 300w, https:\/\/www.sjr-magdeburg.de\/wp-content\/uploads\/2025\/03\/WhatsApp-Bild-2025-03-14-um-13.41.35_4d448281-768x576.jpg 768w, https:\/\/www.sjr-magdeburg.de\/wp-content\/uploads\/2025\/03\/WhatsApp-Bild-2025-03-14-um-13.41.35_4d448281-1536x1152.jpg 1536w, https:\/\/www.sjr-magdeburg.de\/wp-content\/uploads\/2025\/03\/WhatsApp-Bild-2025-03-14-um-13.41.35_4d448281-2048x1536.jpg 2048w, https:\/\/www.sjr-magdeburg.de\/wp-content\/uploads\/2025\/03\/WhatsApp-Bild-2025-03-14-um-13.41.35_4d448281-400x300.jpg 400w\" sizes=\"(max-width: 1024px) 100vw, 1024px\" \/><\/figure>\n\n\n\n<figure class=\"wp-block-image size-large\"><img decoding=\"async\" width=\"1024\" height=\"768\" data-id=\"1814\" src=\"https:\/\/www.sjr-magdeburg.de\/wp-content\/uploads\/2025\/03\/WhatsApp-Bild-2025-03-14-um-13.41.35_a2ffcbe1-1024x768.jpg\" alt=\"\" class=\"wp-image-1814\" srcset=\"https:\/\/www.sjr-magdeburg.de\/wp-content\/uploads\/2025\/03\/WhatsApp-Bild-2025-03-14-um-13.41.35_a2ffcbe1-1024x768.jpg 1024w, https:\/\/www.sjr-magdeburg.de\/wp-content\/uploads\/2025\/03\/WhatsApp-Bild-2025-03-14-um-13.41.35_a2ffcbe1-300x225.jpg 300w, https:\/\/www.sjr-magdeburg.de\/wp-content\/uploads\/2025\/03\/WhatsApp-Bild-2025-03-14-um-13.41.35_a2ffcbe1-768x576.jpg 768w, https:\/\/www.sjr-magdeburg.de\/wp-content\/uploads\/2025\/03\/WhatsApp-Bild-2025-03-14-um-13.41.35_a2ffcbe1-1536x1152.jpg 1536w, https:\/\/www.sjr-magdeburg.de\/wp-content\/uploads\/2025\/03\/WhatsApp-Bild-2025-03-14-um-13.41.35_a2ffcbe1-2048x1536.jpg 2048w, https:\/\/www.sjr-magdeburg.de\/wp-content\/uploads\/2025\/03\/WhatsApp-Bild-2025-03-14-um-13.41.35_a2ffcbe1-400x300.jpg 400w\" sizes=\"(max-width: 1024px) 100vw, 1024px\" \/><\/figure>\n<\/figure>\n\n\n\n<p><strong>Das Fr\u00fchjahrscaf\u00e9 war eine wertvolle Gelegenheit, gemeinsam L\u00f6sungen und Ideen f\u00fcr die Zukunft der sozialen Arbeit zu entwickeln.<\/strong> Ein herzlicher Dank an alle Teilnehmenden f\u00fcr den lebendigen und konstruktiven Austausch!<\/p>\n\n\n\n<p><\/p>\n","protected":false},"excerpt":{"rendered":"<p>Am 12. M\u00e4rz 2025 fand das Fr\u00fchjahrscaf\u00e9 des Stadtjugendrings im Zentrum f\u00fcr soziales Lernen in Magdeburg statt. Fachkr\u00e4fte freier Tr\u00e4ger der Kinder- und Jugendhilfe sowie Vertreter*innen aus Verwaltung und Politik in Magdeburg kamen zusammen, um \u00fcber das Thema \u201eDas Ende &hellip; <a href=\"https:\/\/www.sjr-magdeburg.de\/index.php\/2025\/03\/14\/rueckblick-fruehjahrscafe-stadtjugendring-magdeburg-e-v\/\">Weiterlesen <span class=\"meta-nav\">&rarr;<\/span><\/a><\/p>\n","protected":false},"author":1,"featured_media":0,"comment_status":"closed","ping_status":"closed","sticky":false,"template":"","format":"standard","meta":{"footnotes":""},"categories":[1],"tags":[],"class_list":["post-1811","post","type-post","status-publish","format-standard","hentry","category-allgemein"],"_links":{"self":[{"href":"https:\/\/www.sjr-magdeburg.de\/index.php\/wp-json\/wp\/v2\/posts\/1811","targetHints":{"allow":["GET"]}}],"collection":[{"href":"https:\/\/www.sjr-magdeburg.de\/index.php\/wp-json\/wp\/v2\/posts"}],"about":[{"href":"https:\/\/www.sjr-magdeburg.de\/index.php\/wp-json\/wp\/v2\/types\/post"}],"author":[{"embeddable":true,"href":"https:\/\/www.sjr-magdeburg.de\/index.php\/wp-json\/wp\/v2\/users\/1"}],"replies":[{"embeddable":true,"href":"https:\/\/www.sjr-magdeburg.de\/index.php\/wp-json\/wp\/v2\/comments?post=1811"}],"version-history":[{"count":1,"href":"https:\/\/www.sjr-magdeburg.de\/index.php\/wp-json\/wp\/v2\/posts\/1811\/revisions"}],"predecessor-version":[{"id":1816,"href":"https:\/\/www.sjr-magdeburg.de\/index.php\/wp-json\/wp\/v2\/posts\/1811\/revisions\/1816"}],"wp:attachment":[{"href":"https:\/\/www.sjr-magdeburg.de\/index.php\/wp-json\/wp\/v2\/media?parent=1811"}],"wp:term":[{"taxonomy":"category","embeddable":true,"href":"https:\/\/www.sjr-magdeburg.de\/index.php\/wp-json\/wp\/v2\/categories?post=1811"},{"taxonomy":"post_tag","embeddable":true,"href":"https:\/\/www.sjr-magdeburg.de\/index.php\/wp-json\/wp\/v2\/tags?post=1811"}],"curies":[{"name":"wp","href":"https:\/\/api.w.org\/{rel}","templated":true}]}}