{"id":1303,"date":"2023-12-05T16:36:53","date_gmt":"2023-12-05T15:36:53","guid":{"rendered":"https:\/\/www.sjr-magdeburg.de\/?p=1303"},"modified":"2023-12-06T16:48:08","modified_gmt":"2023-12-06T15:48:08","slug":"veranstaltungen-dezember","status":"publish","type":"post","link":"https:\/\/www.sjr-magdeburg.de\/index.php\/2023\/12\/05\/veranstaltungen-dezember\/","title":{"rendered":"Veranstaltungen Dezember"},"content":{"rendered":"\n<p><a rel=\"noreferrer noopener\" href=\"https:\/\/bqw81.r.a.d.sendibm1.com\/mk\/cl\/f\/sh\/6rqJfgq8dIWBasVTNMl9USYi1rS\/n-mqq0k0icLA\" target=\"_blank\">Fortbildung &#8222;Zukunftswerkstatt Ehrenamt- Warum mache ich das eigentlich?&#8220;<\/a><\/p>\n\n\n\n<ul class=\"wp-block-list\">\n<li>Anmeldeschluss: 01.12.2023<\/li>\n\n\n\n<li>am 09.12.2023 von 9:00- 15:00 Uhr beim Parit\u00e4tischen Landesverband, Wiener Str. 2, 39112 Magdeburg<\/li>\n\n\n\n<li>f\u00fcr: Ehrenamtliche und freiwillig T\u00e4tige in der Kinder- und Jugendarbeit<\/li>\n\n\n\n<li>Inhalt: &nbsp;Besch\u00e4ftigung mit Typologien ehrenamtlicher Arbeit, sodass die Teilnehmenden ein Verst\u00e4ndnis der eigenen Motivation entwickeln k\u00f6nnen<\/li>\n\n\n\n<li>kostenfrei<\/li>\n<\/ul>\n\n\n\n<p><a rel=\"noreferrer noopener\" href=\"https:\/\/bqw81.r.a.d.sendibm1.com\/mk\/cl\/f\/sh\/6rqJfgq8dIXqdKncrgAhQ3gdfAU\/dCBgTK2WzGPA\" target=\"_blank\">Ausstrahlung Jugendfilmpreis Sachsen- Anhalt<\/a><\/p>\n\n\n\n<ul class=\"wp-block-list\">\n<li>Ausstrahlung gesamter Jugendfilmpreis am 04.12.2023 ab 10:00 Uhr im Offenen Kanal Magdeburg<\/li>\n\n\n\n<li>ausgezeichnete Filme der drei Kategorien am 06.12.2023 ab 18:00 Uhr<\/li>\n\n\n\n<li>Inhalt:\u00a0\u00a0fantastische und liebevolle Produktionen, aufw\u00e4ndige Animationen, spannende Kurzfilme, informative Reportagen, lehrreiche Musikvideos, Grusel- und Horrorgeschichten sowie Sciene-Fiction<\/li>\n<\/ul>\n\n\n\n<p><a rel=\"noreferrer noopener\" href=\"https:\/\/bqw81.r.a.d.sendibm1.com\/mk\/cl\/f\/sh\/6rqJfgq8dIZVfn5mLzaFLeoZITW\/C-35omnWOTTO\" target=\"_blank\">Online-Informationsveranstaltung zu Digitalen Spielen<\/a><\/p>\n\n\n\n<ul class=\"wp-block-list\">\n<li>vorherige Anmeldung n\u00f6tig<\/li>\n\n\n\n<li>am&nbsp;05.12.2023 von 16:30- 18:00 Uhr<\/li>\n\n\n\n<li>f\u00fcr: Eltern bzw. Erziehende mit Schulkindern zwischen 8 und 14 Jahren<\/li>\n\n\n\n<li>Inhalt: gibt Einblick in die digitale Spielwelt, Erkl\u00e4rungen zu den Alterskennzeichnungen und vermittelt Tipps und Hinweise, wie man als Eltern mit den Herausforderungen umgeht und wie man sich als Kind gesch\u00fctzt und mit Freude in der digitalen Spielwelt bewegt<\/li>\n\n\n\n<li>kostenfrei<\/li>\n<\/ul>\n\n\n\n<p><a rel=\"noreferrer noopener\" href=\"https:\/\/bqw81.r.a.d.sendibm1.com\/mk\/cl\/f\/sh\/6rqJfgq8dIbAiFNvqIznHFwUvmY\/79-7bRFbneaw\" target=\"_blank\">Seminar &#8222;Personenzentrierte Gespr\u00e4chsf\u00fchrung erfolgreich anwenden&#8220;<\/a><\/p>\n\n\n\n<ul class=\"wp-block-list\">\n<li>vorherige Anmeldung n\u00f6tig<\/li>\n\n\n\n<li>vom 05.- 06.12.2023 beim Parit\u00e4tischen Landesverband, Wiener Str. 2, 39112 Magdeburg<\/li>\n\n\n\n<li>Inhalt:&nbsp;Dirigistische und nichtdirigistische Beratung: Nutzen, Anwendbarkeit und Grenzen; Verantwortung f\u00fcr die Probleml\u00f6sung\/Rolle, Stellung und Aufgaben des*der Beratenden im Probleml\u00f6sungsprozess; Zuh\u00f6ren vs. Reden; Echtheit, Akzeptanz, Empathie \u2013 die wesentlichen Merkmale des personenzentrierten Konzeptes; Typische Fehler im beratenden Gespr\u00e4ch und deren Folgen; Stufen des Probleml\u00f6sungsprozesses; Gespr\u00e4chsf\u00fchrungstechniken im beratenden Gespr\u00e4ch<\/li>\n\n\n\n<li>304 \u20ac<\/li>\n<\/ul>\n\n\n\n<p><a rel=\"noreferrer noopener\" href=\"https:\/\/bqw81.r.a.d.sendibm1.com\/mk\/cl\/f\/sh\/6rqJfgq8dIcpkhg5KcPLCr4QZ5a\/hfso8oPKMkkT\" target=\"_blank\">Seminar &#8222;Sexuelle \u00dcbergriffe durch Kinder und Jugendliche&#8220;<\/a><\/p>\n\n\n\n<ul class=\"wp-block-list\">\n<li>vorherige Anmeldung n\u00f6tig<\/li>\n\n\n\n<li>vom 07.- 08.12.2023 von 9:00- 16:00 Uhr beim Parit\u00e4tischen Landesverband, Wiener Str. 2, 39112 Magdeburg<\/li>\n\n\n\n<li>Inhalt: Teilnehmende erfahren, wie sie sexualisierter Gewalt von Kindern und Jugendlichen entgegenwirken k\u00f6nnen<\/li>\n\n\n\n<li>313 \u20ac<\/li>\n<\/ul>\n\n\n\n<p><a rel=\"noreferrer noopener\" href=\"https:\/\/bqw81.r.a.d.sendibm1.com\/mk\/cl\/f\/sh\/6rqJfgq8dINsnYFN8krvhjI6GQQ\/Vjn46WOmgmmq\" target=\"_blank\">Workshop: &#8222;Awareness- Team f\u00fcr alle&#8220;<\/a><\/p>\n\n\n\n<ul class=\"wp-block-list\">\n<li>vorherige Anmeldung n\u00f6tig<\/li>\n\n\n\n<li>am 09.12.2023,&nbsp; 11:00- 17:00 Uhr, Ort wird nach Anmeldung bekannt gegeben<\/li>\n\n\n\n<li>f\u00fcr: &nbsp;Menschen von ca. 16 bis 27 Jahren, \u00e4ltere Interessierte k\u00f6nnen sich auch gern melden<\/li>\n\n\n\n<li>Inhalt: Grundlagen zu dieser Thematik, &nbsp;Einstieg in die praktische Unterst\u00fctzungsarbeit, Sensibilisierung<\/li>\n\n\n\n<li>kostenfrei<\/li>\n<\/ul>\n\n\n\n<p><a rel=\"noreferrer noopener\" href=\"https:\/\/bqw81.r.a.d.sendibm1.com\/mk\/cl\/f\/sh\/6rqJfgq8dIPXq0XWd4HTdKQ1tjS\/atICPCKpAew8\" target=\"_blank\">Online-Austausch &#8222;Mehr Nachhaltigkeit!&#8220;<\/a><\/p>\n\n\n\n<ul class=\"wp-block-list\">\n<li>vorherige Anmeldung n\u00f6tig<\/li>\n\n\n\n<li>am 11.12.2023 von 14:00-16:00 Uhr<\/li>\n\n\n\n<li>Inhalt: Austausch zu Aktivit\u00e4ten, Projekten, Themen rund um Nachhaltigkeit in Sachsen- Anhalt<\/li>\n\n\n\n<li>kostenfrei<\/li>\n<\/ul>\n\n\n\n<p><a rel=\"noreferrer noopener\" href=\"https:\/\/bqw81.r.a.d.sendibm1.com\/mk\/cl\/f\/sh\/6rqJfgq8dIRCsSpg7Nh1YvXxX2U\/pTb7NlB51fP_\" target=\"_blank\">Beratungstage in der Jugendberufsagentur<\/a><\/p>\n\n\n\n<ul class=\"wp-block-list\">\n<li>am 11.12.2023 Jugendmigrationsdienst und Kitaberatung von 13:00- 15:30 Uhr<\/li>\n\n\n\n<li>am 19.12.2023 Ausbildungsverbund der Wirtschaftsregion Braunschweig\/Magdeburg e.V. von 12:30- 15:00 Uhr<\/li>\n\n\n\n<li>Am Alten Theater 2, 39104 Magdeburg<\/li>\n<\/ul>\n\n\n\n<p><a rel=\"noreferrer noopener\" href=\"https:\/\/bqw81.r.a.d.sendibm1.com\/mk\/cl\/f\/sh\/6rqJfgq8dISruv7pbh6ZUWftALW\/iVaOV3nA0mUM\" target=\"_blank\">Fach- und Dialogveranstaltung &#8222;Vielfalt in unserer Stadtgesellschaft? Menschenrechte und Awareness&#8220;<\/a><\/p>\n\n\n\n<ul class=\"wp-block-list\">\n<li>vorherige Anmeldung n\u00f6tig<\/li>\n\n\n\n<li>14.12.2023, 13:00-17:00 Uhr im Alten Rathaus, Alter Markt 6, 39104 Magdeburg<\/li>\n\n\n\n<li>f\u00fcr: alle Interessierten<\/li>\n\n\n\n<li>Inhalt: &nbsp;Programm ist so gestaltet, dass sowohl Menschen aus Bildung, Politik, Verwaltung und weiteren Institutionen, aber auch aus der Magdeburger Bev\u00f6lkerung interessante Einblicke und Erkenntnisse erhalten werden<\/li>\n\n\n\n<li>kostenfrei<\/li>\n<\/ul>\n\n\n\n<p><a rel=\"noreferrer noopener\" href=\"https:\/\/bqw81.r.a.d.sendibm1.com\/mk\/cl\/f\/sh\/6rqJfgq8dIUWxNPz60W7Q7noneY\/Ny1uismWMyzJ\" target=\"_blank\">Thematischer Online-Elternabend f\u00fcr die Grundschule<\/a><\/p>\n\n\n\n<ul class=\"wp-block-list\">\n<li>vorherige Anmeldung n\u00f6tig<\/li>\n\n\n\n<li>am 14.12.2023 von 17:00- 18:30 Uhr<\/li>\n\n\n\n<li>f\u00fcr: Erziehende von Kindern im Grundschulalter.<\/li>\n\n\n\n<li>Inhalt: Aufkl\u00e4rung \u00fcber Herausforderungen der t\u00e4glichen Medienwelt auf, Tipps zur Medienerziehung<\/li>\n\n\n\n<li>kostenfrei<\/li>\n<\/ul>\n\n\n\n<p><a rel=\"noreferrer noopener\" href=\"https:\/\/bqw81.r.a.d.sendibm1.com\/mk\/cl\/f\/sh\/6rqJfgq8dIWBzpi8aJvfLivkQxa\/Om_n3IUqwFJs\" target=\"_blank\">Trans* &#8211; ein Aspekt der Geschlechtervielfalt &#8211; Vorlesungsreihe online<\/a><\/p>\n\n\n\n<ul class=\"wp-block-list\">\n<li>vorherige Anmeldung n\u00f6tig<\/li>\n\n\n\n<li>u.a. am 14.12.2023, 16:30- 18:00 Uhr&nbsp;zu trans*spezifischer Kinder- und Jugendarbeit<\/li>\n\n\n\n<li>f\u00fcr: Fachkr\u00e4fte, Lehrkr\u00e4fte, Sozialarbeiter:innen &amp; Sozialp\u00e4dagog:innen, Betroffene, Angeh\u00f6rige &amp; Eltern, Studierende und andere Interessierte<\/li>\n\n\n\n<li>Inhalt: Veranstaltungsreihe mit unterschiedlichsten Aspekten rund um das Thema trans<\/li>\n\n\n\n<li>kostenfrei<\/li>\n<\/ul>\n\n\n\n<p><a rel=\"noreferrer noopener\" href=\"https:\/\/bqw81.r.a.d.sendibm1.com\/mk\/cl\/f\/sh\/6rqJfgq8dIXr2I0I4dLDHK3g4Gc\/Ltp12B7DC_CU\" target=\"_blank\">QualifizierungKurs Jungen*arbeit 2024 &#8222;Inspiration, Reflexion, Innovation&#8220;<\/a><\/p>\n\n\n\n<ul class=\"wp-block-list\">\n<li>Anmeldeschluss: 18.12.2023<\/li>\n\n\n\n<li>vom 24.- 26.01.2024, 14.- 16.02.2024 und 14.- 15.03.2024 in M\u00fccheln<\/li>\n\n\n\n<li>f\u00fcr: m\u00e4nnliche Fachkr\u00e4fte, Multiplikatoren und an ehrenamtlich Arbeitende in den Handlungsfeldern der Schulsozialarbeit sowie der Kinder- und Jugendhilfe<\/li>\n\n\n\n<li>Inhalt: Sensibilisierung f\u00fcr Jungen*arbeit und die eigene Rolle in der Arbeit mit Jungen*<\/li>\n\n\n\n<li>410 \u20ac inklusive Unterkunft und Verpflegung<\/li>\n<\/ul>\n\n\n\n<p><a rel=\"noreferrer noopener\" href=\"https:\/\/bqw81.r.a.d.sendibm1.com\/mk\/cl\/f\/sh\/6rqJfgq8dIZW4kIRYwklCvBbhZe\/FpRLbLpSH6xB\" target=\"_blank\">Seminar &#8222;Systemische Beratung kompakt&#8220;<\/a><\/p>\n\n\n\n<ul class=\"wp-block-list\">\n<li>vorherige Anmeldung n\u00f6tig<\/li>\n\n\n\n<li>vom Januar bis August 2024 beim PBW GmbH Magdeburg, Wiener Str. 2, 39112 Magdeburg<\/li>\n\n\n\n<li>Inhalt: &nbsp;Teilnehmende lernen in verschiedenen Modulen unterschiedliche Anwendungsformen und Einsatzm\u00f6glichkeiten systemischer Beratungsarbeit im Rahmen verschiedener Settings kennen<\/li>\n\n\n\n<li>1.410 \u20ac<\/li>\n<\/ul>\n\n\n\n<p><a rel=\"noreferrer noopener\" href=\"https:\/\/bqw81.r.a.d.sendibm1.com\/mk\/cl\/f\/sh\/6rqJfgq8dIbB7Cab3GAJ8WJXKsg\/VLjvrOvzKJDj\" target=\"_blank\">JuLeiCa Schulungen<\/a><\/p>\n\n\n\n<ul class=\"wp-block-list\">\n<li>vorherige Anmeldung n\u00f6tig<\/li>\n\n\n\n<li>vom 19- 21.01.2024 und vom 23.- 25.02.2024 in der Jugendherberge Dessau<\/li>\n\n\n\n<li>Inhalt: rechtliche Kenntnisse, Gruppen erkennen mit ihren Rollen und der Dynamik darin, Projekte begleiten und konzipieren lernen, Lebenswelten thematisieren und darauf eingehen k\u00f6nnen uvm.<\/li>\n\n\n\n<li>25 \u20ac je Modul, Mini- Kurs f\u00fcr Lerncamps f\u00fcr 20 \u20ac<\/li>\n<\/ul>\n","protected":false},"excerpt":{"rendered":"<p>Fortbildung &#8222;Zukunftswerkstatt Ehrenamt- Warum mache ich das eigentlich?&#8220; Ausstrahlung Jugendfilmpreis Sachsen- Anhalt Online-Informationsveranstaltung zu Digitalen Spielen Seminar &#8222;Personenzentrierte Gespr\u00e4chsf\u00fchrung erfolgreich anwenden&#8220; Seminar &#8222;Sexuelle \u00dcbergriffe durch Kinder und Jugendliche&#8220; Workshop: &#8222;Awareness- Team f\u00fcr alle&#8220; Online-Austausch &#8222;Mehr Nachhaltigkeit!&#8220; Beratungstage in der Jugendberufsagentur &hellip; <a href=\"https:\/\/www.sjr-magdeburg.de\/index.php\/2023\/12\/05\/veranstaltungen-dezember\/\">Weiterlesen <span class=\"meta-nav\">&rarr;<\/span><\/a><\/p>\n","protected":false},"author":1,"featured_media":0,"comment_status":"closed","ping_status":"closed","sticky":false,"template":"","format":"standard","meta":{"footnotes":""},"categories":[14],"tags":[],"class_list":["post-1303","post","type-post","status-publish","format-standard","hentry","category-veranstaltungen"],"_links":{"self":[{"href":"https:\/\/www.sjr-magdeburg.de\/index.php\/wp-json\/wp\/v2\/posts\/1303","targetHints":{"allow":["GET"]}}],"collection":[{"href":"https:\/\/www.sjr-magdeburg.de\/index.php\/wp-json\/wp\/v2\/posts"}],"about":[{"href":"https:\/\/www.sjr-magdeburg.de\/index.php\/wp-json\/wp\/v2\/types\/post"}],"author":[{"embeddable":true,"href":"https:\/\/www.sjr-magdeburg.de\/index.php\/wp-json\/wp\/v2\/users\/1"}],"replies":[{"embeddable":true,"href":"https:\/\/www.sjr-magdeburg.de\/index.php\/wp-json\/wp\/v2\/comments?post=1303"}],"version-history":[{"count":1,"href":"https:\/\/www.sjr-magdeburg.de\/index.php\/wp-json\/wp\/v2\/posts\/1303\/revisions"}],"predecessor-version":[{"id":1304,"href":"https:\/\/www.sjr-magdeburg.de\/index.php\/wp-json\/wp\/v2\/posts\/1303\/revisions\/1304"}],"wp:attachment":[{"href":"https:\/\/www.sjr-magdeburg.de\/index.php\/wp-json\/wp\/v2\/media?parent=1303"}],"wp:term":[{"taxonomy":"category","embeddable":true,"href":"https:\/\/www.sjr-magdeburg.de\/index.php\/wp-json\/wp\/v2\/categories?post=1303"},{"taxonomy":"post_tag","embeddable":true,"href":"https:\/\/www.sjr-magdeburg.de\/index.php\/wp-json\/wp\/v2\/tags?post=1303"}],"curies":[{"name":"wp","href":"https:\/\/api.w.org\/{rel}","templated":true}]}}